{"id":2364,"date":"2022-05-30T09:08:49","date_gmt":"2022-05-30T07:08:49","guid":{"rendered":"https:\/\/generialand.com\/solaria-incrementa-i-suoi-risultati-e-continua-a-crescere-in-europa-con-lingresso-nel-settore-dellenergia-eolica-e-di-generia\/"},"modified":"2025-04-21T17:47:43","modified_gmt":"2025-04-21T15:47:43","slug":"solaria-incrementa-i-suoi-risultati-e-continua-a-crescere-in-europa-con-lingresso-nel-settore-dellenergia-eolica-e-di-generia","status":"publish","type":"post","link":"https:\/\/generialand.com\/it\/solaria-incrementa-i-suoi-risultati-e-continua-a-crescere-in-europa-con-lingresso-nel-settore-dellenergia-eolica-e-di-generia\/","title":{"rendered":"Solaria accelera la crescita in Europa: ingresso nell\u2019eolico e lancio di Generia"},"content":{"rendered":"\t\t<div data-elementor-type=\"wp-post\" data-elementor-id=\"2364\" class=\"elementor elementor-2364 elementor-1244\" data-elementor-post-type=\"post\">\n\t\t\t\t<div class=\"elementor-element elementor-element-d8761b5 e-flex e-con-boxed e-con e-parent\" data-id=\"d8761b5\" data-element_type=\"container\">\n\t\t\t\t\t<div class=\"e-con-inner\">\n\t\t\t\t<div class=\"elementor-element elementor-element-8d3a5c8 elementor-widget elementor-widget-text-editor\" data-id=\"8d3a5c8\" data-element_type=\"widget\" data-widget_type=\"text-editor.default\">\n\t\t\t\t<div class=\"elementor-widget-container\">\n\t\t\t\t\t\t\t\t\t<ul><li>L\u2019utile netto \u00e8 raddoppiato, raggiungendo i 20,5 milioni di euro, rispetto al primo trimestre del 2021<\/li><li>L\u2019azienda ha avviato le sue attivit\u00e0 anche nel mercato tedesco, dove vanta gi\u00e0 una solida esperienza, e punta a raggiungere 5 GW di capacit\u00e0 installata in Italia entro il 2030, sostenuta dal positivo andamento del mercato.<\/li><li>Con la nascita di Generia, Solaria diversifica ulteriormente il proprio modello di business: dalla produzione di energia eolica all\u2019acquisizione strategica di terreni in Europa, posizionandosi come attore chiave nella transizione energetica.<\/li><\/ul><h2>Solaria, azienda leader nello sviluppo e nella produzione di energia solare fotovoltaica nell\u2019Europa meridionale, ha pubblicato oggi i risultati del primo trimestre 2022, registrando performance superiori alle attese.<\/h2><p>In questo periodo, l\u2019azienda ha raddoppiato i risultati rispetto allo stesso trimestre dell\u2019anno precedente: i ricavi sono cresciuti del 59%, raggiungendo i 36,5 milioni di euro, l\u2019EBITDA \u00e8 aumentato del 70% attestandosi a 33,07 milioni di euro, mentre l\u2019utile netto ha registrato un balzo del 98%, arrivando a 20,5 milioni di euro. <\/p><p>Questi risultati riflettono l\u2019incremento significativo delle connessioni di nuovi impianti fotovoltaici. Di conseguenza, la produzione di energia \u00e8 passata da 143,2 GWh a 221,7 GWh su base annua, confermando l\u2019efficacia della strategia di crescita e l\u2019ottima operativit\u00e0 degli asset installati. <\/p><h2>Aumenta l&#8217;obiettivo in Italia e torna in Germania<\/h2><p>Solaria continua la sua crescita internazionale con un focus sull&#8217;Europa meridionale, pienamente in linea con gli obiettivi dell&#8217;Unione Europea di raggiungere il 45% di energie rinnovabili entro il 2030. Nell&#8217;ambito del suo piano di crescita in Spagna, l&#8217;azienda continua ad aumentare la connessione di nuovi impianti e ad ampliare la sua pipeline di progetti. Nel mercato italiano, il gruppo estende il suo obiettivo di crescita da 3 a 5 GW entro il 2030, grazie ai buoni progressi e alla situazione di mercato favorevole.  <\/p><p>In altri paesi europei, Solaria ha deciso di avviare le attivit\u00e0 in Germania, un mercato in cui l&#8217;azienda ha gi\u00e0 sviluppato ed eseguito progetti in passato e dove attualmente esiste un enorme potenziale di crescita grazie al fermo impegno del paese nei confronti dell&#8217;energia solare, che ad aprile ha annunciato un obiettivo di 215 GW entro il 2030.<\/p><h2>Solaria entra nell\u2019eolico e lancia Generia, la nuova societ\u00e0 dedicata all\u2019acquisizione di terreni strategici<\/h2><p>Nei prossimi anni, Solaria sar\u00e0 fortemente impegnata nella diversificazione delle proprie linee di business. Da un lato, avvier\u00e0 un processo di ibridazione dei suoi impianti fotovoltaici con tecnologie complementari, in particolare l\u2019energia eolica. Questo permetter\u00e0 l\u2019installazione di ulteriori 1.200 MW di potenza eolica entro il 2030. In linea con la normativa spagnola e sfruttando la favorevole collocazione geografica dei propri impianti in aree ad alto potenziale eolico, Solaria prevede di ibridare i progetti in tutte le localit\u00e0 in cui ci\u00f2 risulti tecnicamente e normativamente possibile.  <\/p><p>Dall\u2019altro lato, con la creazione di Generia, la nuova societ\u00e0 dedicata all\u2019acquisizione di terreni in Europa, Solaria punta a consolidare il proprio ruolo nella transizione energetica. Questi terreni rappresentano una risorsa strategica e limitata per lo sviluppo delle energie rinnovabili nel prossimo decennio. <\/p><p>Impegnati nella lotta al cambiamento climatico<\/p><p>Solaria guarda al futuro ampliando e diversificando le proprie linee di business per affrontare con determinazione la sfida della transizione energetica. Da un lato, l\u2019azienda sta avviando un processo di ibridazione degli impianti fotovoltaici con altre tecnologie, in particolare quella eolica. Questo approccio permetter\u00e0 di installare ulteriori 1.200 MW di capacit\u00e0 eolica entro il 2030. In conformit\u00e0 con la normativa spagnola, Solaria sfrutter\u00e0 la posizione strategica dei suoi impianti situati in aree ad alto potenziale eolico per ibridare i progetti in tutte le localit\u00e0 in cui sar\u00e0 possibile farlo.  <\/p><p>Dall\u2019altro lato, Solaria ha creato Generia, una nuova societ\u00e0 dedicata all\u2019acquisizione di terreni in Europa. Questi terreni rappresentano una risorsa sempre pi\u00f9 rara e strategica per lo sviluppo delle energie rinnovabili nei prossimi anni. Generia nasce con l\u2019obiettivo di offrire una risposta concreta e sostenibile alle esigenze energetiche dell\u2019Unione Europea. <\/p>\t\t\t\t\t\t\t\t<\/div>\n\t\t\t\t<\/div>\n\t\t\t\t\t<\/div>\n\t\t\t\t<\/div>\n\t\t\t\t<\/div>\n\t\t","protected":false},"excerpt":{"rendered":"<p>L\u2019utile netto \u00e8 raddoppiato, raggiungendo i 20,5 milioni di euro, rispetto al primo trimestre del 2021 L\u2019azienda ha avviato le sue attivit\u00e0 anche nel mercato tedesco, dove vanta gi\u00e0 una solida esperienza, e punta a raggiungere 5 GW di capacit\u00e0 installata in Italia entro il 2030, sostenuta dal positivo andamento del mercato. Con la nascita [&hellip;]<\/p>\n","protected":false},"author":3,"featured_media":2118,"comment_status":"open","ping_status":"open","sticky":false,"template":"elementor_header_footer","format":"standard","meta":{"_acf_changed":false,"footnotes":""},"categories":[13],"tags":[],"class_list":["post-2364","post","type-post","status-publish","format-standard","has-post-thumbnail","hentry","category-senza-categoria"],"acf":[],"yoast_head":"<!-- This site is optimized with the Yoast SEO plugin v24.5 - https:\/\/yoast.com\/wordpress\/plugins\/seo\/ -->\n<title>Solaria cresce con l&#039;eolico e l&#039;espansione di Generia<\/title>\n<meta name=\"description\" content=\"Solaria si diversifica nell&#039;energia eolica e rafforza Generia per l&#039;acquisto di terreni strategici in Europa, allineandosi agli obiettivi UE per il 2030.\" \/>\n<meta name=\"robots\" content=\"index, follow, max-snippet:-1, max-image-preview:large, max-video-preview:-1\" \/>\n<link rel=\"canonical\" href=\"https:\/\/generialand.com\/it\/solaria-incrementa-i-suoi-risultati-e-continua-a-crescere-in-europa-con-lingresso-nel-settore-dellenergia-eolica-e-di-generia\/\" \/>\n<meta property=\"og:locale\" content=\"it_IT\" \/>\n<meta property=\"og:type\" content=\"article\" \/>\n<meta property=\"og:title\" content=\"Solaria cresce con l&#039;eolico e l&#039;espansione di Generia\" \/>\n<meta property=\"og:description\" content=\"Solaria si diversifica nell&#039;energia eolica e rafforza Generia per l&#039;acquisto di terreni strategici in Europa, allineandosi agli obiettivi UE per il 2030.\" \/>\n<meta property=\"og:url\" content=\"https:\/\/generialand.com\/it\/solaria-incrementa-i-suoi-risultati-e-continua-a-crescere-in-europa-con-lingresso-nel-settore-dellenergia-eolica-e-di-generia\/\" \/>\n<meta property=\"og:site_name\" content=\"Generia\" \/>\n<meta property=\"article:published_time\" content=\"2022-05-30T07:08:49+00:00\" \/>\n<meta property=\"article:modified_time\" content=\"2025-04-21T15:47:43+00:00\" \/>\n<meta property=\"og:image\" content=\"https:\/\/generialand.com\/wp-content\/uploads\/2022\/05\/Solaria-dispara-sus-resultados-y-sigue-creciendo-en-Europa-con-la-entrada-en-eolica-y-Generia-1.jpg\" \/>\n\t<meta property=\"og:image:width\" content=\"450\" \/>\n\t<meta property=\"og:image:height\" content=\"364\" \/>\n\t<meta property=\"og:image:type\" content=\"image\/jpeg\" \/>\n<meta name=\"author\" content=\"Alberto Lopez\" \/>\n<meta name=\"twitter:card\" content=\"summary_large_image\" \/>\n<meta name=\"twitter:label1\" content=\"Scritto da\" \/>\n\t<meta name=\"twitter:data1\" content=\"Alberto Lopez\" \/>\n\t<meta name=\"twitter:label2\" content=\"Tempo di lettura stimato\" \/>\n\t<meta name=\"twitter:data2\" content=\"3 minuti\" \/>\n<script type=\"application\/ld+json\" class=\"yoast-schema-graph\">{\"@context\":\"https:\/\/schema.org\",\"@graph\":[{\"@type\":\"Article\",\"@id\":\"https:\/\/generialand.com\/it\/solaria-incrementa-i-suoi-risultati-e-continua-a-crescere-in-europa-con-lingresso-nel-settore-dellenergia-eolica-e-di-generia\/#article\",\"isPartOf\":{\"@id\":\"https:\/\/generialand.com\/it\/solaria-incrementa-i-suoi-risultati-e-continua-a-crescere-in-europa-con-lingresso-nel-settore-dellenergia-eolica-e-di-generia\/\"},\"author\":{\"name\":\"Alberto Lopez\",\"@id\":\"https:\/\/generialand.com\/it\/#\/schema\/person\/5dbae33c8d6c82022d6b7964822982af\"},\"headline\":\"Solaria accelera la crescita in Europa: ingresso nell\u2019eolico e lancio di Generia\",\"datePublished\":\"2022-05-30T07:08:49+00:00\",\"dateModified\":\"2025-04-21T15:47:43+00:00\",\"mainEntityOfPage\":{\"@id\":\"https:\/\/generialand.com\/it\/solaria-incrementa-i-suoi-risultati-e-continua-a-crescere-in-europa-con-lingresso-nel-settore-dellenergia-eolica-e-di-generia\/\"},\"wordCount\":654,\"commentCount\":0,\"publisher\":{\"@id\":\"https:\/\/generialand.com\/it\/#organization\"},\"image\":{\"@id\":\"https:\/\/generialand.com\/it\/solaria-incrementa-i-suoi-risultati-e-continua-a-crescere-in-europa-con-lingresso-nel-settore-dellenergia-eolica-e-di-generia\/#primaryimage\"},\"thumbnailUrl\":\"https:\/\/generialand.com\/wp-content\/uploads\/2022\/05\/Solaria-dispara-sus-resultados-y-sigue-creciendo-en-Europa-con-la-entrada-en-eolica-y-Generia-1.jpg\",\"inLanguage\":\"it-IT\",\"potentialAction\":[{\"@type\":\"CommentAction\",\"name\":\"Comment\",\"target\":[\"https:\/\/generialand.com\/it\/solaria-incrementa-i-suoi-risultati-e-continua-a-crescere-in-europa-con-lingresso-nel-settore-dellenergia-eolica-e-di-generia\/#respond\"]}]},{\"@type\":\"WebPage\",\"@id\":\"https:\/\/generialand.com\/it\/solaria-incrementa-i-suoi-risultati-e-continua-a-crescere-in-europa-con-lingresso-nel-settore-dellenergia-eolica-e-di-generia\/\",\"url\":\"https:\/\/generialand.com\/it\/solaria-incrementa-i-suoi-risultati-e-continua-a-crescere-in-europa-con-lingresso-nel-settore-dellenergia-eolica-e-di-generia\/\",\"name\":\"Solaria cresce con l'eolico e l'espansione di Generia\",\"isPartOf\":{\"@id\":\"https:\/\/generialand.com\/it\/#website\"},\"primaryImageOfPage\":{\"@id\":\"https:\/\/generialand.com\/it\/solaria-incrementa-i-suoi-risultati-e-continua-a-crescere-in-europa-con-lingresso-nel-settore-dellenergia-eolica-e-di-generia\/#primaryimage\"},\"image\":{\"@id\":\"https:\/\/generialand.com\/it\/solaria-incrementa-i-suoi-risultati-e-continua-a-crescere-in-europa-con-lingresso-nel-settore-dellenergia-eolica-e-di-generia\/#primaryimage\"},\"thumbnailUrl\":\"https:\/\/generialand.com\/wp-content\/uploads\/2022\/05\/Solaria-dispara-sus-resultados-y-sigue-creciendo-en-Europa-con-la-entrada-en-eolica-y-Generia-1.jpg\",\"datePublished\":\"2022-05-30T07:08:49+00:00\",\"dateModified\":\"2025-04-21T15:47:43+00:00\",\"description\":\"Solaria si diversifica nell'energia eolica e rafforza Generia per l'acquisto di terreni strategici in Europa, allineandosi agli obiettivi UE per il 2030.\",\"breadcrumb\":{\"@id\":\"https:\/\/generialand.com\/it\/solaria-incrementa-i-suoi-risultati-e-continua-a-crescere-in-europa-con-lingresso-nel-settore-dellenergia-eolica-e-di-generia\/#breadcrumb\"},\"inLanguage\":\"it-IT\",\"potentialAction\":[{\"@type\":\"ReadAction\",\"target\":[\"https:\/\/generialand.com\/it\/solaria-incrementa-i-suoi-risultati-e-continua-a-crescere-in-europa-con-lingresso-nel-settore-dellenergia-eolica-e-di-generia\/\"]}]},{\"@type\":\"ImageObject\",\"inLanguage\":\"it-IT\",\"@id\":\"https:\/\/generialand.com\/it\/solaria-incrementa-i-suoi-risultati-e-continua-a-crescere-in-europa-con-lingresso-nel-settore-dellenergia-eolica-e-di-generia\/#primaryimage\",\"url\":\"https:\/\/generialand.com\/wp-content\/uploads\/2022\/05\/Solaria-dispara-sus-resultados-y-sigue-creciendo-en-Europa-con-la-entrada-en-eolica-y-Generia-1.jpg\",\"contentUrl\":\"https:\/\/generialand.com\/wp-content\/uploads\/2022\/05\/Solaria-dispara-sus-resultados-y-sigue-creciendo-en-Europa-con-la-entrada-en-eolica-y-Generia-1.jpg\",\"width\":450,\"height\":364},{\"@type\":\"BreadcrumbList\",\"@id\":\"https:\/\/generialand.com\/it\/solaria-incrementa-i-suoi-risultati-e-continua-a-crescere-in-europa-con-lingresso-nel-settore-dellenergia-eolica-e-di-generia\/#breadcrumb\",\"itemListElement\":[{\"@type\":\"ListItem\",\"position\":1,\"name\":\"Portada\",\"item\":\"https:\/\/generialand.com\/it\/\"},{\"@type\":\"ListItem\",\"position\":2,\"name\":\"Solaria accelera la crescita in Europa: ingresso nell\u2019eolico e lancio di Generia\"}]},{\"@type\":\"WebSite\",\"@id\":\"https:\/\/generialand.com\/it\/#website\",\"url\":\"https:\/\/generialand.com\/it\/\",\"name\":\"Generia\",\"description\":\"\",\"publisher\":{\"@id\":\"https:\/\/generialand.com\/it\/#organization\"},\"potentialAction\":[{\"@type\":\"SearchAction\",\"target\":{\"@type\":\"EntryPoint\",\"urlTemplate\":\"https:\/\/generialand.com\/it\/?s={search_term_string}\"},\"query-input\":{\"@type\":\"PropertyValueSpecification\",\"valueRequired\":true,\"valueName\":\"search_term_string\"}}],\"inLanguage\":\"it-IT\"},{\"@type\":\"Organization\",\"@id\":\"https:\/\/generialand.com\/it\/#organization\",\"name\":\"Generia\",\"url\":\"https:\/\/generialand.com\/it\/\",\"logo\":{\"@type\":\"ImageObject\",\"inLanguage\":\"it-IT\",\"@id\":\"https:\/\/generialand.com\/it\/#\/schema\/logo\/image\/\",\"url\":\"https:\/\/generialand.com\/wp-content\/uploads\/2025\/01\/logo-generia-color.svg\",\"contentUrl\":\"https:\/\/generialand.com\/wp-content\/uploads\/2025\/01\/logo-generia-color.svg\",\"width\":130,\"height\":68,\"caption\":\"Generia\"},\"image\":{\"@id\":\"https:\/\/generialand.com\/it\/#\/schema\/logo\/image\/\"}},{\"@type\":\"Person\",\"@id\":\"https:\/\/generialand.com\/it\/#\/schema\/person\/5dbae33c8d6c82022d6b7964822982af\",\"name\":\"Alberto Lopez\",\"image\":{\"@type\":\"ImageObject\",\"inLanguage\":\"it-IT\",\"@id\":\"https:\/\/generialand.com\/it\/#\/schema\/person\/image\/\",\"url\":\"https:\/\/secure.gravatar.com\/avatar\/4325ec2afadffdbe63f1a3b3abbae449?s=96&d=mm&r=g\",\"contentUrl\":\"https:\/\/secure.gravatar.com\/avatar\/4325ec2afadffdbe63f1a3b3abbae449?s=96&d=mm&r=g\",\"caption\":\"Alberto Lopez\"}}]}<\/script>\n<!-- \/ Yoast SEO plugin. -->","yoast_head_json":{"title":"Solaria cresce con l'eolico e l'espansione di Generia","description":"Solaria si diversifica nell'energia eolica e rafforza Generia per l'acquisto di terreni strategici in Europa, allineandosi agli obiettivi UE per il 2030.","robots":{"index":"index","follow":"follow","max-snippet":"max-snippet:-1","max-image-preview":"max-image-preview:large","max-video-preview":"max-video-preview:-1"},"canonical":"https:\/\/generialand.com\/it\/solaria-incrementa-i-suoi-risultati-e-continua-a-crescere-in-europa-con-lingresso-nel-settore-dellenergia-eolica-e-di-generia\/","og_locale":"it_IT","og_type":"article","og_title":"Solaria cresce con l'eolico e l'espansione di Generia","og_description":"Solaria si diversifica nell'energia eolica e rafforza Generia per l'acquisto di terreni strategici in Europa, allineandosi agli obiettivi UE per il 2030.","og_url":"https:\/\/generialand.com\/it\/solaria-incrementa-i-suoi-risultati-e-continua-a-crescere-in-europa-con-lingresso-nel-settore-dellenergia-eolica-e-di-generia\/","og_site_name":"Generia","article_published_time":"2022-05-30T07:08:49+00:00","article_modified_time":"2025-04-21T15:47:43+00:00","og_image":[{"width":450,"height":364,"url":"https:\/\/generialand.com\/wp-content\/uploads\/2022\/05\/Solaria-dispara-sus-resultados-y-sigue-creciendo-en-Europa-con-la-entrada-en-eolica-y-Generia-1.jpg","type":"image\/jpeg"}],"author":"Alberto Lopez","twitter_card":"summary_large_image","twitter_misc":{"Scritto da":"Alberto Lopez","Tempo di lettura stimato":"3 minuti"},"schema":{"@context":"https:\/\/schema.org","@graph":[{"@type":"Article","@id":"https:\/\/generialand.com\/it\/solaria-incrementa-i-suoi-risultati-e-continua-a-crescere-in-europa-con-lingresso-nel-settore-dellenergia-eolica-e-di-generia\/#article","isPartOf":{"@id":"https:\/\/generialand.com\/it\/solaria-incrementa-i-suoi-risultati-e-continua-a-crescere-in-europa-con-lingresso-nel-settore-dellenergia-eolica-e-di-generia\/"},"author":{"name":"Alberto Lopez","@id":"https:\/\/generialand.com\/it\/#\/schema\/person\/5dbae33c8d6c82022d6b7964822982af"},"headline":"Solaria accelera la crescita in Europa: ingresso nell\u2019eolico e lancio di Generia","datePublished":"2022-05-30T07:08:49+00:00","dateModified":"2025-04-21T15:47:43+00:00","mainEntityOfPage":{"@id":"https:\/\/generialand.com\/it\/solaria-incrementa-i-suoi-risultati-e-continua-a-crescere-in-europa-con-lingresso-nel-settore-dellenergia-eolica-e-di-generia\/"},"wordCount":654,"commentCount":0,"publisher":{"@id":"https:\/\/generialand.com\/it\/#organization"},"image":{"@id":"https:\/\/generialand.com\/it\/solaria-incrementa-i-suoi-risultati-e-continua-a-crescere-in-europa-con-lingresso-nel-settore-dellenergia-eolica-e-di-generia\/#primaryimage"},"thumbnailUrl":"https:\/\/generialand.com\/wp-content\/uploads\/2022\/05\/Solaria-dispara-sus-resultados-y-sigue-creciendo-en-Europa-con-la-entrada-en-eolica-y-Generia-1.jpg","inLanguage":"it-IT","potentialAction":[{"@type":"CommentAction","name":"Comment","target":["https:\/\/generialand.com\/it\/solaria-incrementa-i-suoi-risultati-e-continua-a-crescere-in-europa-con-lingresso-nel-settore-dellenergia-eolica-e-di-generia\/#respond"]}]},{"@type":"WebPage","@id":"https:\/\/generialand.com\/it\/solaria-incrementa-i-suoi-risultati-e-continua-a-crescere-in-europa-con-lingresso-nel-settore-dellenergia-eolica-e-di-generia\/","url":"https:\/\/generialand.com\/it\/solaria-incrementa-i-suoi-risultati-e-continua-a-crescere-in-europa-con-lingresso-nel-settore-dellenergia-eolica-e-di-generia\/","name":"Solaria cresce con l'eolico e l'espansione di Generia","isPartOf":{"@id":"https:\/\/generialand.com\/it\/#website"},"primaryImageOfPage":{"@id":"https:\/\/generialand.com\/it\/solaria-incrementa-i-suoi-risultati-e-continua-a-crescere-in-europa-con-lingresso-nel-settore-dellenergia-eolica-e-di-generia\/#primaryimage"},"image":{"@id":"https:\/\/generialand.com\/it\/solaria-incrementa-i-suoi-risultati-e-continua-a-crescere-in-europa-con-lingresso-nel-settore-dellenergia-eolica-e-di-generia\/#primaryimage"},"thumbnailUrl":"https:\/\/generialand.com\/wp-content\/uploads\/2022\/05\/Solaria-dispara-sus-resultados-y-sigue-creciendo-en-Europa-con-la-entrada-en-eolica-y-Generia-1.jpg","datePublished":"2022-05-30T07:08:49+00:00","dateModified":"2025-04-21T15:47:43+00:00","description":"Solaria si diversifica nell'energia eolica e rafforza Generia per l'acquisto di terreni strategici in Europa, allineandosi agli obiettivi UE per il 2030.","breadcrumb":{"@id":"https:\/\/generialand.com\/it\/solaria-incrementa-i-suoi-risultati-e-continua-a-crescere-in-europa-con-lingresso-nel-settore-dellenergia-eolica-e-di-generia\/#breadcrumb"},"inLanguage":"it-IT","potentialAction":[{"@type":"ReadAction","target":["https:\/\/generialand.com\/it\/solaria-incrementa-i-suoi-risultati-e-continua-a-crescere-in-europa-con-lingresso-nel-settore-dellenergia-eolica-e-di-generia\/"]}]},{"@type":"ImageObject","inLanguage":"it-IT","@id":"https:\/\/generialand.com\/it\/solaria-incrementa-i-suoi-risultati-e-continua-a-crescere-in-europa-con-lingresso-nel-settore-dellenergia-eolica-e-di-generia\/#primaryimage","url":"https:\/\/generialand.com\/wp-content\/uploads\/2022\/05\/Solaria-dispara-sus-resultados-y-sigue-creciendo-en-Europa-con-la-entrada-en-eolica-y-Generia-1.jpg","contentUrl":"https:\/\/generialand.com\/wp-content\/uploads\/2022\/05\/Solaria-dispara-sus-resultados-y-sigue-creciendo-en-Europa-con-la-entrada-en-eolica-y-Generia-1.jpg","width":450,"height":364},{"@type":"BreadcrumbList","@id":"https:\/\/generialand.com\/it\/solaria-incrementa-i-suoi-risultati-e-continua-a-crescere-in-europa-con-lingresso-nel-settore-dellenergia-eolica-e-di-generia\/#breadcrumb","itemListElement":[{"@type":"ListItem","position":1,"name":"Portada","item":"https:\/\/generialand.com\/it\/"},{"@type":"ListItem","position":2,"name":"Solaria accelera la crescita in Europa: ingresso nell\u2019eolico e lancio di Generia"}]},{"@type":"WebSite","@id":"https:\/\/generialand.com\/it\/#website","url":"https:\/\/generialand.com\/it\/","name":"Generia","description":"","publisher":{"@id":"https:\/\/generialand.com\/it\/#organization"},"potentialAction":[{"@type":"SearchAction","target":{"@type":"EntryPoint","urlTemplate":"https:\/\/generialand.com\/it\/?s={search_term_string}"},"query-input":{"@type":"PropertyValueSpecification","valueRequired":true,"valueName":"search_term_string"}}],"inLanguage":"it-IT"},{"@type":"Organization","@id":"https:\/\/generialand.com\/it\/#organization","name":"Generia","url":"https:\/\/generialand.com\/it\/","logo":{"@type":"ImageObject","inLanguage":"it-IT","@id":"https:\/\/generialand.com\/it\/#\/schema\/logo\/image\/","url":"https:\/\/generialand.com\/wp-content\/uploads\/2025\/01\/logo-generia-color.svg","contentUrl":"https:\/\/generialand.com\/wp-content\/uploads\/2025\/01\/logo-generia-color.svg","width":130,"height":68,"caption":"Generia"},"image":{"@id":"https:\/\/generialand.com\/it\/#\/schema\/logo\/image\/"}},{"@type":"Person","@id":"https:\/\/generialand.com\/it\/#\/schema\/person\/5dbae33c8d6c82022d6b7964822982af","name":"Alberto Lopez","image":{"@type":"ImageObject","inLanguage":"it-IT","@id":"https:\/\/generialand.com\/it\/#\/schema\/person\/image\/","url":"https:\/\/secure.gravatar.com\/avatar\/4325ec2afadffdbe63f1a3b3abbae449?s=96&d=mm&r=g","contentUrl":"https:\/\/secure.gravatar.com\/avatar\/4325ec2afadffdbe63f1a3b3abbae449?s=96&d=mm&r=g","caption":"Alberto Lopez"}}]}},"_links":{"self":[{"href":"https:\/\/generialand.com\/it\/wp-json\/wp\/v2\/posts\/2364","targetHints":{"allow":["GET"]}}],"collection":[{"href":"https:\/\/generialand.com\/it\/wp-json\/wp\/v2\/posts"}],"about":[{"href":"https:\/\/generialand.com\/it\/wp-json\/wp\/v2\/types\/post"}],"author":[{"embeddable":true,"href":"https:\/\/generialand.com\/it\/wp-json\/wp\/v2\/users\/3"}],"replies":[{"embeddable":true,"href":"https:\/\/generialand.com\/it\/wp-json\/wp\/v2\/comments?post=2364"}],"version-history":[{"count":3,"href":"https:\/\/generialand.com\/it\/wp-json\/wp\/v2\/posts\/2364\/revisions"}],"predecessor-version":[{"id":2877,"href":"https:\/\/generialand.com\/it\/wp-json\/wp\/v2\/posts\/2364\/revisions\/2877"}],"wp:featuredmedia":[{"embeddable":true,"href":"https:\/\/generialand.com\/it\/wp-json\/wp\/v2\/media\/2118"}],"wp:attachment":[{"href":"https:\/\/generialand.com\/it\/wp-json\/wp\/v2\/media?parent=2364"}],"wp:term":[{"taxonomy":"category","embeddable":true,"href":"https:\/\/generialand.com\/it\/wp-json\/wp\/v2\/categories?post=2364"},{"taxonomy":"post_tag","embeddable":true,"href":"https:\/\/generialand.com\/it\/wp-json\/wp\/v2\/tags?post=2364"}],"curies":[{"name":"wp","href":"https:\/\/api.w.org\/{rel}","templated":true}]}}