{"id":2362,"date":"2022-05-30T09:08:49","date_gmt":"2022-05-30T07:08:49","guid":{"rendered":"https:\/\/generialand.com\/solaria-steigert-seine-ergebnisse-und-waechst-weiter-in-europa-mit-dem-einstieg-in-die-windenergie-und-generia\/"},"modified":"2025-02-20T10:38:51","modified_gmt":"2025-02-20T09:38:51","slug":"solaria-steigert-seine-ergebnisse-und-waechst-weiter-in-europa-mit-dem-einstieg-in-die-windenergie-und-generia","status":"publish","type":"post","link":"https:\/\/generialand.com\/de\/solaria-steigert-seine-ergebnisse-und-waechst-weiter-in-europa-mit-dem-einstieg-in-die-windenergie-und-generia\/","title":{"rendered":"Solaria steigert seine Ergebnisse und w\u00e4chst weiter in Europa mit dem Einstieg in die Windenergie und Generia"},"content":{"rendered":"\t\t<div data-elementor-type=\"wp-post\" data-elementor-id=\"2362\" class=\"elementor elementor-2362 elementor-1244\" data-elementor-post-type=\"post\">\n\t\t\t\t<div class=\"elementor-element elementor-element-d8761b5 e-flex e-con-boxed e-con e-parent\" data-id=\"d8761b5\" data-element_type=\"container\">\n\t\t\t\t\t<div class=\"e-con-inner\">\n\t\t\t\t<div class=\"elementor-element elementor-element-8d3a5c8 elementor-widget elementor-widget-text-editor\" data-id=\"8d3a5c8\" data-element_type=\"widget\" data-widget_type=\"text-editor.default\">\n\t\t\t\t<div class=\"elementor-widget-container\">\n\t\t\t\t\t\t\t\t\t<ul><li>Verdoppelt seinen Nettogewinn auf 20,5 Millionen Euro im Vergleich zum ersten Quartal 2021<\/li><li>Das Unternehmen beginnt seine Aktivit\u00e4ten auf dem deutschen Markt, wo es bereits \u00fcber Erfahrungen verf\u00fcgt, und erh\u00f6ht die Ziele f\u00fcr Italien aufgrund der guten Fortschritte auf dem Markt auf 5GW bis 2030.<\/li><li>Solaria diversifiziert seine Gesch\u00e4ftsbereiche, steigt in die Windenergieerzeugung ein und engagiert sich durch die Gr\u00fcndung eines neuen Unternehmens, GENERIA, beim Erwerb von Grundst\u00fccken in Europa.<\/li><\/ul><h2>Solaria, ein f\u00fchrender Entwickler und Erzeuger von Photovoltaik-Solarstrom in S\u00fcdeuropa, gab heute seine Ergebnisse f\u00fcr das erste Quartal 2022 bekannt.<\/h2><p>In diesem Zeitraum hat Solaria seine eigenen Prognosen \u00fcbertroffen und seine Ergebnisse im Vergleich zum Vorjahreszeitraum verdoppelt. Der Umsatz ist um 59% auf 36,5 Millionen Euro gestiegen, das EBITDA hat sich ebenfalls um 70% auf 33,07 Millionen Euro erh\u00f6ht und der Nettogewinn ist um 98% auf 20,5 Millionen Euro gewachsen.<\/p><p>Diese Zahlen sind auf den exponentiellen Anstieg der Zahl der neuen PV-Anlagenanschl\u00fcsse zur\u00fcckzuf\u00fchren. Im Einklang mit der Inbetriebnahme dieser neuen Anlagen stieg die Energieproduktion im Laufe des Jahres von 143,2 GWh auf 221,7 GWh.<\/p><h2>Erh\u00f6ht das Ziel in Italien und kehrt nach Deutschland zur\u00fcck<\/h2><p>Solaria setzt sein internationales Wachstum fort und konzentriert sich dabei auf S\u00fcdeuropa, ganz im Einklang mit den Zielen der Europ\u00e4ischen Union, bis 2030 45% erneuerbare Energien zu erreichen. Im Rahmen seines Wachstumsplans in Spanien erh\u00f6ht das Unternehmen weiterhin den Anschluss neuer Anlagen und erweitert seine Projektpipeline. Auf dem italienischen Markt erweitert die Gruppe ihr Wachstumsziel von 3 auf 5 GW bis 2030 aufgrund der guten Fortschritte und der g\u00fcnstigen Marktlage.<\/p><p>In anderen europ\u00e4ischen L\u00e4ndern hat Solaria beschlossen, in Deutschland t\u00e4tig zu werden, einem Markt, in dem das Unternehmen bereits in der Vergangenheit Projekte entwickelt und durchgef\u00fchrt hat und in dem es derzeit ein enormes Wachstumspotenzial gibt, da sich das Land fest zur Solarenergie bekennt und im April ein Ziel von 215 GW bis 2030 bekannt gegeben hat.<\/p><h2>Einstieg in die Windenergieerzeugung und Gr\u00fcndung von GENERIA, einem Unternehmen, das sich mit dem Erwerb von Grundst\u00fccken besch\u00e4ftigt.<\/h2><p>Solaria diversifiziert seine Gesch\u00e4ftsbereiche f\u00fcr die kommenden Jahre. Zum einen wird sie die Hybridisierung von Photovoltaikanlagen mit anderen Technologien, vor allem der Windenergie, vorantreiben, was die Installation von zus\u00e4tzlichen 1.200 MW dieser Energiequelle bis 2030 zur Folge haben wird. Im Rahmen der spanischen Gesetzgebung wird Solaria den Standort seiner Anlagen in Gebieten mit hohem Windenergiepotenzial nutzen, um Projekte an allen Standorten, an denen dies m\u00f6glich ist, zu hybridisieren.<\/p><p>Andererseits engagiert sie sich f\u00fcr den Erwerb von Grundst\u00fccken in Europa, wof\u00fcr sie das Unternehmen GENERIA gegr\u00fcndet hat. Land wird zweifellos ein knappes und strategisches Gut f\u00fcr die Entwicklung erneuerbarer Energien im n\u00e4chsten Jahrzehnt sein, und GENERIA wird die ideale L\u00f6sung f\u00fcr die Europ\u00e4ische Union sein.<\/p><p>Engagiert gegen den Klimawandel<\/p><p>Solaria diversifiziert seine Gesch\u00e4ftsbereiche f\u00fcr die kommenden Jahre. Zum einen wird sie die Hybridisierung von Photovoltaikanlagen mit anderen Technologien, vor allem der Windenergie, vorantreiben, was die Installation von zus\u00e4tzlichen 1.200 MW dieser Energiequelle bis 2030 zur Folge haben wird. Im Rahmen der spanischen Gesetzgebung wird Solaria den Standort seiner Anlagen in Gebieten mit hohem Windenergiepotenzial nutzen, um Projekte an allen Standorten, an denen dies m\u00f6glich ist, zu hybridisieren.<\/p><p>Andererseits engagiert sie sich f\u00fcr den Erwerb von Grundst\u00fccken in Europa, wof\u00fcr sie das Unternehmen GENERIA gegr\u00fcndet hat. Land wird zweifellos ein knappes und strategisches Gut f\u00fcr die Entwicklung erneuerbarer Energien im n\u00e4chsten Jahrzehnt sein, und GENERIA wird die ideale L\u00f6sung f\u00fcr die Europ\u00e4ische Union sein.<\/p>\t\t\t\t\t\t\t\t<\/div>\n\t\t\t\t<\/div>\n\t\t\t\t\t<\/div>\n\t\t\t\t<\/div>\n\t\t\t\t<\/div>\n\t\t","protected":false},"excerpt":{"rendered":"<p>Verdoppelt seinen Nettogewinn auf 20,5 Millionen Euro im Vergleich zum ersten Quartal 2021 Das Unternehmen beginnt seine Aktivit\u00e4ten auf dem deutschen Markt, wo es bereits \u00fcber Erfahrungen verf\u00fcgt, und erh\u00f6ht die Ziele f\u00fcr Italien aufgrund der guten Fortschritte auf dem Markt auf 5GW bis 2030. Solaria diversifiziert seine Gesch\u00e4ftsbereiche, steigt in die Windenergieerzeugung ein und [&hellip;]<\/p>\n","protected":false},"author":3,"featured_media":2117,"comment_status":"open","ping_status":"open","sticky":false,"template":"elementor_header_footer","format":"standard","meta":{"_acf_changed":false,"footnotes":""},"categories":[12],"tags":[],"class_list":["post-2362","post","type-post","status-publish","format-standard","has-post-thumbnail","hentry","category-nicht-kategorisiert"],"acf":[],"yoast_head":"<!-- This site is optimized with the Yoast SEO plugin v24.5 - https:\/\/yoast.com\/wordpress\/plugins\/seo\/ -->\n<title>Solaria w\u00e4chst mit Windkraft und der Expansion von Generia<\/title>\n<meta name=\"description\" content=\"Solaria diversifiziert sich in Windenergie und st\u00e4rkt Generia f\u00fcr den strategischen Grunderwerb in Europa, im Einklang mit den EU-Zielen f\u00fcr 2030.\" \/>\n<meta name=\"robots\" content=\"index, follow, max-snippet:-1, max-image-preview:large, max-video-preview:-1\" \/>\n<link rel=\"canonical\" href=\"https:\/\/generialand.com\/de\/solaria-steigert-seine-ergebnisse-und-waechst-weiter-in-europa-mit-dem-einstieg-in-die-windenergie-und-generia\/\" \/>\n<meta property=\"og:locale\" content=\"de_DE\" \/>\n<meta property=\"og:type\" content=\"article\" \/>\n<meta property=\"og:title\" content=\"Solaria w\u00e4chst mit Windkraft und der Expansion von Generia\" \/>\n<meta property=\"og:description\" content=\"Solaria diversifiziert sich in Windenergie und st\u00e4rkt Generia f\u00fcr den strategischen Grunderwerb in Europa, im Einklang mit den EU-Zielen f\u00fcr 2030.\" \/>\n<meta property=\"og:url\" content=\"https:\/\/generialand.com\/de\/solaria-steigert-seine-ergebnisse-und-waechst-weiter-in-europa-mit-dem-einstieg-in-die-windenergie-und-generia\/\" \/>\n<meta property=\"og:site_name\" content=\"Generia\" \/>\n<meta property=\"article:published_time\" content=\"2022-05-30T07:08:49+00:00\" \/>\n<meta property=\"article:modified_time\" content=\"2025-02-20T09:38:51+00:00\" \/>\n<meta property=\"og:image\" content=\"https:\/\/generialand.com\/wp-content\/uploads\/2022\/05\/Solaria-dispara-sus-resultados-y-sigue-creciendo-en-Europa-con-la-entrada-en-eolica-y-Generia-1.jpg\" \/>\n\t<meta property=\"og:image:width\" content=\"450\" \/>\n\t<meta property=\"og:image:height\" content=\"364\" \/>\n\t<meta property=\"og:image:type\" content=\"image\/jpeg\" \/>\n<meta name=\"author\" content=\"Alberto Lopez\" \/>\n<meta name=\"twitter:card\" content=\"summary_large_image\" \/>\n<meta name=\"twitter:label1\" content=\"Verfasst von\" \/>\n\t<meta name=\"twitter:data1\" content=\"Alberto Lopez\" \/>\n\t<meta name=\"twitter:label2\" content=\"Gesch\u00e4tzte Lesezeit\" \/>\n\t<meta name=\"twitter:data2\" content=\"3\u00a0Minuten\" \/>\n<script type=\"application\/ld+json\" class=\"yoast-schema-graph\">{\"@context\":\"https:\/\/schema.org\",\"@graph\":[{\"@type\":\"Article\",\"@id\":\"https:\/\/generialand.com\/de\/solaria-steigert-seine-ergebnisse-und-waechst-weiter-in-europa-mit-dem-einstieg-in-die-windenergie-und-generia\/#article\",\"isPartOf\":{\"@id\":\"https:\/\/generialand.com\/de\/solaria-steigert-seine-ergebnisse-und-waechst-weiter-in-europa-mit-dem-einstieg-in-die-windenergie-und-generia\/\"},\"author\":{\"name\":\"Alberto Lopez\",\"@id\":\"https:\/\/generialand.com\/de\/#\/schema\/person\/5dbae33c8d6c82022d6b7964822982af\"},\"headline\":\"Solaria steigert seine Ergebnisse und w\u00e4chst weiter in Europa mit dem Einstieg in die Windenergie und Generia\",\"datePublished\":\"2022-05-30T07:08:49+00:00\",\"dateModified\":\"2025-02-20T09:38:51+00:00\",\"mainEntityOfPage\":{\"@id\":\"https:\/\/generialand.com\/de\/solaria-steigert-seine-ergebnisse-und-waechst-weiter-in-europa-mit-dem-einstieg-in-die-windenergie-und-generia\/\"},\"wordCount\":609,\"commentCount\":0,\"publisher\":{\"@id\":\"https:\/\/generialand.com\/de\/#organization\"},\"image\":{\"@id\":\"https:\/\/generialand.com\/de\/solaria-steigert-seine-ergebnisse-und-waechst-weiter-in-europa-mit-dem-einstieg-in-die-windenergie-und-generia\/#primaryimage\"},\"thumbnailUrl\":\"https:\/\/generialand.com\/wp-content\/uploads\/2022\/05\/Solaria-dispara-sus-resultados-y-sigue-creciendo-en-Europa-con-la-entrada-en-eolica-y-Generia-1.jpg\",\"articleSection\":[\"Nicht kategorisiert\"],\"inLanguage\":\"de\",\"potentialAction\":[{\"@type\":\"CommentAction\",\"name\":\"Comment\",\"target\":[\"https:\/\/generialand.com\/de\/solaria-steigert-seine-ergebnisse-und-waechst-weiter-in-europa-mit-dem-einstieg-in-die-windenergie-und-generia\/#respond\"]}]},{\"@type\":\"WebPage\",\"@id\":\"https:\/\/generialand.com\/de\/solaria-steigert-seine-ergebnisse-und-waechst-weiter-in-europa-mit-dem-einstieg-in-die-windenergie-und-generia\/\",\"url\":\"https:\/\/generialand.com\/de\/solaria-steigert-seine-ergebnisse-und-waechst-weiter-in-europa-mit-dem-einstieg-in-die-windenergie-und-generia\/\",\"name\":\"Solaria w\u00e4chst mit Windkraft und der Expansion von Generia\",\"isPartOf\":{\"@id\":\"https:\/\/generialand.com\/de\/#website\"},\"primaryImageOfPage\":{\"@id\":\"https:\/\/generialand.com\/de\/solaria-steigert-seine-ergebnisse-und-waechst-weiter-in-europa-mit-dem-einstieg-in-die-windenergie-und-generia\/#primaryimage\"},\"image\":{\"@id\":\"https:\/\/generialand.com\/de\/solaria-steigert-seine-ergebnisse-und-waechst-weiter-in-europa-mit-dem-einstieg-in-die-windenergie-und-generia\/#primaryimage\"},\"thumbnailUrl\":\"https:\/\/generialand.com\/wp-content\/uploads\/2022\/05\/Solaria-dispara-sus-resultados-y-sigue-creciendo-en-Europa-con-la-entrada-en-eolica-y-Generia-1.jpg\",\"datePublished\":\"2022-05-30T07:08:49+00:00\",\"dateModified\":\"2025-02-20T09:38:51+00:00\",\"description\":\"Solaria diversifiziert sich in Windenergie und st\u00e4rkt Generia f\u00fcr den strategischen Grunderwerb in Europa, im Einklang mit den EU-Zielen f\u00fcr 2030.\",\"breadcrumb\":{\"@id\":\"https:\/\/generialand.com\/de\/solaria-steigert-seine-ergebnisse-und-waechst-weiter-in-europa-mit-dem-einstieg-in-die-windenergie-und-generia\/#breadcrumb\"},\"inLanguage\":\"de\",\"potentialAction\":[{\"@type\":\"ReadAction\",\"target\":[\"https:\/\/generialand.com\/de\/solaria-steigert-seine-ergebnisse-und-waechst-weiter-in-europa-mit-dem-einstieg-in-die-windenergie-und-generia\/\"]}]},{\"@type\":\"ImageObject\",\"inLanguage\":\"de\",\"@id\":\"https:\/\/generialand.com\/de\/solaria-steigert-seine-ergebnisse-und-waechst-weiter-in-europa-mit-dem-einstieg-in-die-windenergie-und-generia\/#primaryimage\",\"url\":\"https:\/\/generialand.com\/wp-content\/uploads\/2022\/05\/Solaria-dispara-sus-resultados-y-sigue-creciendo-en-Europa-con-la-entrada-en-eolica-y-Generia-1.jpg\",\"contentUrl\":\"https:\/\/generialand.com\/wp-content\/uploads\/2022\/05\/Solaria-dispara-sus-resultados-y-sigue-creciendo-en-Europa-con-la-entrada-en-eolica-y-Generia-1.jpg\",\"width\":450,\"height\":364},{\"@type\":\"BreadcrumbList\",\"@id\":\"https:\/\/generialand.com\/de\/solaria-steigert-seine-ergebnisse-und-waechst-weiter-in-europa-mit-dem-einstieg-in-die-windenergie-und-generia\/#breadcrumb\",\"itemListElement\":[{\"@type\":\"ListItem\",\"position\":1,\"name\":\"Portada\",\"item\":\"https:\/\/generialand.com\/de\/\"},{\"@type\":\"ListItem\",\"position\":2,\"name\":\"Solaria steigert seine Ergebnisse und w\u00e4chst weiter in Europa mit dem Einstieg in die Windenergie und Generia\"}]},{\"@type\":\"WebSite\",\"@id\":\"https:\/\/generialand.com\/de\/#website\",\"url\":\"https:\/\/generialand.com\/de\/\",\"name\":\"Generia\",\"description\":\"\",\"publisher\":{\"@id\":\"https:\/\/generialand.com\/de\/#organization\"},\"potentialAction\":[{\"@type\":\"SearchAction\",\"target\":{\"@type\":\"EntryPoint\",\"urlTemplate\":\"https:\/\/generialand.com\/de\/?s={search_term_string}\"},\"query-input\":{\"@type\":\"PropertyValueSpecification\",\"valueRequired\":true,\"valueName\":\"search_term_string\"}}],\"inLanguage\":\"de\"},{\"@type\":\"Organization\",\"@id\":\"https:\/\/generialand.com\/de\/#organization\",\"name\":\"Generia\",\"url\":\"https:\/\/generialand.com\/de\/\",\"logo\":{\"@type\":\"ImageObject\",\"inLanguage\":\"de\",\"@id\":\"https:\/\/generialand.com\/de\/#\/schema\/logo\/image\/\",\"url\":\"https:\/\/generialand.com\/wp-content\/uploads\/2025\/01\/logo-generia-color.svg\",\"contentUrl\":\"https:\/\/generialand.com\/wp-content\/uploads\/2025\/01\/logo-generia-color.svg\",\"width\":130,\"height\":68,\"caption\":\"Generia\"},\"image\":{\"@id\":\"https:\/\/generialand.com\/de\/#\/schema\/logo\/image\/\"}},{\"@type\":\"Person\",\"@id\":\"https:\/\/generialand.com\/de\/#\/schema\/person\/5dbae33c8d6c82022d6b7964822982af\",\"name\":\"Alberto Lopez\",\"image\":{\"@type\":\"ImageObject\",\"inLanguage\":\"de\",\"@id\":\"https:\/\/generialand.com\/de\/#\/schema\/person\/image\/\",\"url\":\"https:\/\/secure.gravatar.com\/avatar\/4325ec2afadffdbe63f1a3b3abbae449?s=96&d=mm&r=g\",\"contentUrl\":\"https:\/\/secure.gravatar.com\/avatar\/4325ec2afadffdbe63f1a3b3abbae449?s=96&d=mm&r=g\",\"caption\":\"Alberto Lopez\"}}]}<\/script>\n<!-- \/ Yoast SEO plugin. -->","yoast_head_json":{"title":"Solaria w\u00e4chst mit Windkraft und der Expansion von Generia","description":"Solaria diversifiziert sich in Windenergie und st\u00e4rkt Generia f\u00fcr den strategischen Grunderwerb in Europa, im Einklang mit den EU-Zielen f\u00fcr 2030.","robots":{"index":"index","follow":"follow","max-snippet":"max-snippet:-1","max-image-preview":"max-image-preview:large","max-video-preview":"max-video-preview:-1"},"canonical":"https:\/\/generialand.com\/de\/solaria-steigert-seine-ergebnisse-und-waechst-weiter-in-europa-mit-dem-einstieg-in-die-windenergie-und-generia\/","og_locale":"de_DE","og_type":"article","og_title":"Solaria w\u00e4chst mit Windkraft und der Expansion von Generia","og_description":"Solaria diversifiziert sich in Windenergie und st\u00e4rkt Generia f\u00fcr den strategischen Grunderwerb in Europa, im Einklang mit den EU-Zielen f\u00fcr 2030.","og_url":"https:\/\/generialand.com\/de\/solaria-steigert-seine-ergebnisse-und-waechst-weiter-in-europa-mit-dem-einstieg-in-die-windenergie-und-generia\/","og_site_name":"Generia","article_published_time":"2022-05-30T07:08:49+00:00","article_modified_time":"2025-02-20T09:38:51+00:00","og_image":[{"width":450,"height":364,"url":"https:\/\/generialand.com\/wp-content\/uploads\/2022\/05\/Solaria-dispara-sus-resultados-y-sigue-creciendo-en-Europa-con-la-entrada-en-eolica-y-Generia-1.jpg","type":"image\/jpeg"}],"author":"Alberto Lopez","twitter_card":"summary_large_image","twitter_misc":{"Verfasst von":"Alberto Lopez","Gesch\u00e4tzte Lesezeit":"3\u00a0Minuten"},"schema":{"@context":"https:\/\/schema.org","@graph":[{"@type":"Article","@id":"https:\/\/generialand.com\/de\/solaria-steigert-seine-ergebnisse-und-waechst-weiter-in-europa-mit-dem-einstieg-in-die-windenergie-und-generia\/#article","isPartOf":{"@id":"https:\/\/generialand.com\/de\/solaria-steigert-seine-ergebnisse-und-waechst-weiter-in-europa-mit-dem-einstieg-in-die-windenergie-und-generia\/"},"author":{"name":"Alberto Lopez","@id":"https:\/\/generialand.com\/de\/#\/schema\/person\/5dbae33c8d6c82022d6b7964822982af"},"headline":"Solaria steigert seine Ergebnisse und w\u00e4chst weiter in Europa mit dem Einstieg in die Windenergie und Generia","datePublished":"2022-05-30T07:08:49+00:00","dateModified":"2025-02-20T09:38:51+00:00","mainEntityOfPage":{"@id":"https:\/\/generialand.com\/de\/solaria-steigert-seine-ergebnisse-und-waechst-weiter-in-europa-mit-dem-einstieg-in-die-windenergie-und-generia\/"},"wordCount":609,"commentCount":0,"publisher":{"@id":"https:\/\/generialand.com\/de\/#organization"},"image":{"@id":"https:\/\/generialand.com\/de\/solaria-steigert-seine-ergebnisse-und-waechst-weiter-in-europa-mit-dem-einstieg-in-die-windenergie-und-generia\/#primaryimage"},"thumbnailUrl":"https:\/\/generialand.com\/wp-content\/uploads\/2022\/05\/Solaria-dispara-sus-resultados-y-sigue-creciendo-en-Europa-con-la-entrada-en-eolica-y-Generia-1.jpg","articleSection":["Nicht kategorisiert"],"inLanguage":"de","potentialAction":[{"@type":"CommentAction","name":"Comment","target":["https:\/\/generialand.com\/de\/solaria-steigert-seine-ergebnisse-und-waechst-weiter-in-europa-mit-dem-einstieg-in-die-windenergie-und-generia\/#respond"]}]},{"@type":"WebPage","@id":"https:\/\/generialand.com\/de\/solaria-steigert-seine-ergebnisse-und-waechst-weiter-in-europa-mit-dem-einstieg-in-die-windenergie-und-generia\/","url":"https:\/\/generialand.com\/de\/solaria-steigert-seine-ergebnisse-und-waechst-weiter-in-europa-mit-dem-einstieg-in-die-windenergie-und-generia\/","name":"Solaria w\u00e4chst mit Windkraft und der Expansion von Generia","isPartOf":{"@id":"https:\/\/generialand.com\/de\/#website"},"primaryImageOfPage":{"@id":"https:\/\/generialand.com\/de\/solaria-steigert-seine-ergebnisse-und-waechst-weiter-in-europa-mit-dem-einstieg-in-die-windenergie-und-generia\/#primaryimage"},"image":{"@id":"https:\/\/generialand.com\/de\/solaria-steigert-seine-ergebnisse-und-waechst-weiter-in-europa-mit-dem-einstieg-in-die-windenergie-und-generia\/#primaryimage"},"thumbnailUrl":"https:\/\/generialand.com\/wp-content\/uploads\/2022\/05\/Solaria-dispara-sus-resultados-y-sigue-creciendo-en-Europa-con-la-entrada-en-eolica-y-Generia-1.jpg","datePublished":"2022-05-30T07:08:49+00:00","dateModified":"2025-02-20T09:38:51+00:00","description":"Solaria diversifiziert sich in Windenergie und st\u00e4rkt Generia f\u00fcr den strategischen Grunderwerb in Europa, im Einklang mit den EU-Zielen f\u00fcr 2030.","breadcrumb":{"@id":"https:\/\/generialand.com\/de\/solaria-steigert-seine-ergebnisse-und-waechst-weiter-in-europa-mit-dem-einstieg-in-die-windenergie-und-generia\/#breadcrumb"},"inLanguage":"de","potentialAction":[{"@type":"ReadAction","target":["https:\/\/generialand.com\/de\/solaria-steigert-seine-ergebnisse-und-waechst-weiter-in-europa-mit-dem-einstieg-in-die-windenergie-und-generia\/"]}]},{"@type":"ImageObject","inLanguage":"de","@id":"https:\/\/generialand.com\/de\/solaria-steigert-seine-ergebnisse-und-waechst-weiter-in-europa-mit-dem-einstieg-in-die-windenergie-und-generia\/#primaryimage","url":"https:\/\/generialand.com\/wp-content\/uploads\/2022\/05\/Solaria-dispara-sus-resultados-y-sigue-creciendo-en-Europa-con-la-entrada-en-eolica-y-Generia-1.jpg","contentUrl":"https:\/\/generialand.com\/wp-content\/uploads\/2022\/05\/Solaria-dispara-sus-resultados-y-sigue-creciendo-en-Europa-con-la-entrada-en-eolica-y-Generia-1.jpg","width":450,"height":364},{"@type":"BreadcrumbList","@id":"https:\/\/generialand.com\/de\/solaria-steigert-seine-ergebnisse-und-waechst-weiter-in-europa-mit-dem-einstieg-in-die-windenergie-und-generia\/#breadcrumb","itemListElement":[{"@type":"ListItem","position":1,"name":"Portada","item":"https:\/\/generialand.com\/de\/"},{"@type":"ListItem","position":2,"name":"Solaria steigert seine Ergebnisse und w\u00e4chst weiter in Europa mit dem Einstieg in die Windenergie und Generia"}]},{"@type":"WebSite","@id":"https:\/\/generialand.com\/de\/#website","url":"https:\/\/generialand.com\/de\/","name":"Generia","description":"","publisher":{"@id":"https:\/\/generialand.com\/de\/#organization"},"potentialAction":[{"@type":"SearchAction","target":{"@type":"EntryPoint","urlTemplate":"https:\/\/generialand.com\/de\/?s={search_term_string}"},"query-input":{"@type":"PropertyValueSpecification","valueRequired":true,"valueName":"search_term_string"}}],"inLanguage":"de"},{"@type":"Organization","@id":"https:\/\/generialand.com\/de\/#organization","name":"Generia","url":"https:\/\/generialand.com\/de\/","logo":{"@type":"ImageObject","inLanguage":"de","@id":"https:\/\/generialand.com\/de\/#\/schema\/logo\/image\/","url":"https:\/\/generialand.com\/wp-content\/uploads\/2025\/01\/logo-generia-color.svg","contentUrl":"https:\/\/generialand.com\/wp-content\/uploads\/2025\/01\/logo-generia-color.svg","width":130,"height":68,"caption":"Generia"},"image":{"@id":"https:\/\/generialand.com\/de\/#\/schema\/logo\/image\/"}},{"@type":"Person","@id":"https:\/\/generialand.com\/de\/#\/schema\/person\/5dbae33c8d6c82022d6b7964822982af","name":"Alberto Lopez","image":{"@type":"ImageObject","inLanguage":"de","@id":"https:\/\/generialand.com\/de\/#\/schema\/person\/image\/","url":"https:\/\/secure.gravatar.com\/avatar\/4325ec2afadffdbe63f1a3b3abbae449?s=96&d=mm&r=g","contentUrl":"https:\/\/secure.gravatar.com\/avatar\/4325ec2afadffdbe63f1a3b3abbae449?s=96&d=mm&r=g","caption":"Alberto Lopez"}}]}},"_links":{"self":[{"href":"https:\/\/generialand.com\/de\/wp-json\/wp\/v2\/posts\/2362","targetHints":{"allow":["GET"]}}],"collection":[{"href":"https:\/\/generialand.com\/de\/wp-json\/wp\/v2\/posts"}],"about":[{"href":"https:\/\/generialand.com\/de\/wp-json\/wp\/v2\/types\/post"}],"author":[{"embeddable":true,"href":"https:\/\/generialand.com\/de\/wp-json\/wp\/v2\/users\/3"}],"replies":[{"embeddable":true,"href":"https:\/\/generialand.com\/de\/wp-json\/wp\/v2\/comments?post=2362"}],"version-history":[{"count":1,"href":"https:\/\/generialand.com\/de\/wp-json\/wp\/v2\/posts\/2362\/revisions"}],"predecessor-version":[{"id":2363,"href":"https:\/\/generialand.com\/de\/wp-json\/wp\/v2\/posts\/2362\/revisions\/2363"}],"wp:featuredmedia":[{"embeddable":true,"href":"https:\/\/generialand.com\/de\/wp-json\/wp\/v2\/media\/2117"}],"wp:attachment":[{"href":"https:\/\/generialand.com\/de\/wp-json\/wp\/v2\/media?parent=2362"}],"wp:term":[{"taxonomy":"category","embeddable":true,"href":"https:\/\/generialand.com\/de\/wp-json\/wp\/v2\/categories?post=2362"},{"taxonomy":"post_tag","embeddable":true,"href":"https:\/\/generialand.com\/de\/wp-json\/wp\/v2\/tags?post=2362"}],"curies":[{"name":"wp","href":"https:\/\/api.w.org\/{rel}","templated":true}]}}